{"id":4211,"date":"2023-05-17T10:58:14","date_gmt":"2023-05-17T08:58:14","guid":{"rendered":"http:\/\/marathon-mink.com\/site2\/?p=4211"},"modified":"2023-05-25T12:58:13","modified_gmt":"2023-05-25T10:58:13","slug":"le-marathon-ndjamena-kousseri-signe-son-grand-retour","status":"publish","type":"post","link":"https:\/\/marathon-mink.com\/en\/le-marathon-ndjamena-kousseri-signe-son-grand-retour\/","title":{"rendered":"LE MARATHON NDJAMENA-KOUSSERI SIGNE SON GRAND RETOUR"},"content":{"rendered":"<p>Apr\u00e8s deux ann\u00e9es de sus\u00adpension de la comp\u00e9tition, \u00e0 cause de la pand\u00e9mie de la Covid-19, les amoureux de l\u2019athl\u00e9tisme et surtout du Semi-Marathon Ndjamena-Kousseri vont enfiler leur tennis et leur jogging pour prendre part \u00e0 la 3e \u00e9dition du semi-marathon international Ndjamena-Kousseri (Mink) qui se tiendra, le 09 septembre 2023. En pr\u00e9\u00adlude \u00e0 ce rendez-vous, le pro\u00admoteur Kamssouloum Abba Kabir a pr\u00e9sent\u00e9, le 04 mai dernier \u00e0 Yaound\u00e9, lors d\u2019une conf\u00e9rence de presse, les inno\u00advations de cette \u00e9dition.<\/p>\n<p>Pour cette 3e \u00e9dition, pr\u00e8s de 1 500 athl\u00e8tes issus de 21 pays dont huit de l\u2019Afrique de l\u2019Est sont attendus pour dispu\u00adter la comp\u00e9tition. La course va se d\u00e9rouler sur une distance de 21 126 Km, le d\u00e9part sera donn\u00e9 \u00e0 l\u2019h\u00f4tel de ville de Ndjamena au Tchad pour conna\u00eetre une arriv\u00e9e \u00e0 l\u2019h\u00f4tel de ville de Kousseri. L\u2019autre particularit\u00e9 de cet \u00e9v\u00e9nement est la prise en charge par les experts de la conf\u00e9d\u00e9ration africaine d\u2019athl\u00e9tisme (CAA), des athl\u00e8tes qui vont prendre part \u00e0 l\u2019\u00e9v\u00e9nement, ajout\u00e9 \u00e0 cela, l\u2019appui de la commission du Bassin du Lac-Tchad. Lors de sa prise de parole, le pr\u00e9si\u00addent du comit\u00e9 d\u2019organisation, a salu\u00e9 l\u2019accompagnement mul\u00adtiforme du pr\u00e9sident de la CAA, Hamad Kalkaba Malboum pour l\u2019organisation de cette \u00e9dition et a tenu, \u00e0 remercier le ministre d\u00e9l\u00e9gu\u00e9 en charge de la d\u00e9fense Joseph B\u00e9ti Assomo, pour son engage\u00adment, \u00e0 valablement d\u00e9fendre les couleurs nationales, \u00e0 l\u2019oc\u00adcasion de la 2e \u00e9dition qui a eu lieu en 2019.<\/p>\n<p>Se pr\u00eatant au jeu de ques\u00adtions-r\u00e9ponses de la presse, Kamssouloum Abba Kabir, a soulign\u00e9 l\u2019important r\u00f4le f\u00e9d\u00e9\u00adrateur du sport, dans une sous-r\u00e9gion en proie \u00e0 une ins\u00e9curit\u00e9 persistante et parfois, des ten\u00adsions qui remettent en cause la paix sociale et le vivre ensem\u00adble. C\u2019est dire qu\u2019en dehors du sport, le Mink veut aussi v\u00e9hi\u00adculer les valeurs de coh\u00e9sion sociale. A en croire le PCO, cette rencontre sportive inter\u00adnationale en raison de capacit\u00e9 \u00e0 orienter la jeunesse vers un id\u00e9al collectif de paix et de vivre ensemble harmonieux, est une initiative port\u00e9e par l\u2019asso\u00adciation H\u00e9ritages du Sahel. Selon le promoteur du semi-marathon, l \u2019objectif principal du Mink est de contribuer au renforcement des liens entre les peuples d\u2019Afrique et plus parti\u00adculi\u00e8rement entre les popula\u00adtions qui ont en partage le Bassin du Lac Tchad. Une zone situ\u00e9e en plein coeur de la sous-r\u00e9gion Afrique centrale.<\/p>\n<p>A noter que pour y partici\u00adper, les nouveaux athl\u00e8tes seront soumis \u00e0 une batterie de tests m\u00e9dicaux et devront avoir en leur possession le quitus que leur encadreur technique issus des diff\u00e9rents clubs affili\u00e9s \u00e0 leur f\u00e9d\u00e9ration sportive. Outre le semi-marathon qui est l\u2019acti\u00advit\u00e9 majeure, d\u2019autres activit\u00e9s vont \u00e9galement meubler cette grand-messe du sport. Le public aura droit \u00e0 des anima\u00adtions culturelles diverses, des rencontres sportives et d\u2019autres activit\u00e9s phares seront mises en valeur.<\/p>\n<p><strong>Par R\u00e9gis Belinga<\/strong><\/p>","protected":false},"excerpt":{"rendered":"<p>Apr\u00e8s deux ann\u00e9es de sus\u00adpension de la comp\u00e9tition, \u00e0 cause de la pand\u00e9mie de la Covid-19, les amoureux de l\u2019athl\u00e9tisme et surtout du Semi-Marathon Ndjamena-Kousseri vont enfiler leur tennis et leur jogging pour prendre part \u00e0 la 3e \u00e9dition du semi-marathon international Ndjamena-Kousseri (Mink) qui se tiendra, le 09 septembre 2023. En pr\u00e9\u00adlude \u00e0 ce [&hellip;]<\/p>","protected":false},"author":1,"featured_media":4204,"comment_status":"closed","ping_status":"closed","sticky":false,"template":"","format":"standard","meta":{"footnotes":""},"categories":[26],"tags":[],"class_list":["post-4211","post","type-post","status-publish","format-standard","has-post-thumbnail","hentry","category-actualites"],"yoast_head":"<!-- This site is optimized with the Yoast SEO Premium plugin v20.6 (Yoast SEO v20.6) - https:\/\/yoast.com\/wordpress\/plugins\/seo\/ -->\n<title>LE MARATHON NDJAMENA-KOUSSERI SIGNE SON GRAND RETOUR - MARATHON MINK<\/title>\n<meta name=\"robots\" content=\"index, follow, max-snippet:-1, max-image-preview:large, max-video-preview:-1\" \/>\n<link rel=\"canonical\" href=\"https:\/\/marathon-mink.com\/en\/le-marathon-ndjamena-kousseri-signe-son-grand-retour\/\" \/>\n<meta property=\"og:locale\" content=\"en_GB\" \/>\n<meta property=\"og:type\" content=\"article\" \/>\n<meta property=\"og:title\" content=\"LE MARATHON NDJAMENA-KOUSSERI SIGNE SON GRAND RETOUR\" \/>\n<meta property=\"og:description\" content=\"Apr\u00e8s deux ann\u00e9es de sus\u00adpension de la comp\u00e9tition, \u00e0 cause de la pand\u00e9mie de la Covid-19, les amoureux de l\u2019athl\u00e9tisme et surtout du Semi-Marathon Ndjamena-Kousseri vont enfiler leur tennis et leur jogging pour prendre part \u00e0 la 3e \u00e9dition du semi-marathon international Ndjamena-Kousseri (Mink) qui se tiendra, le 09 septembre 2023. En pr\u00e9\u00adlude \u00e0 ce [&hellip;]\" \/>\n<meta property=\"og:url\" content=\"https:\/\/marathon-mink.com\/en\/le-marathon-ndjamena-kousseri-signe-son-grand-retour\/\" \/>\n<meta property=\"og:site_name\" content=\"MARATHON MINK\" \/>\n<meta property=\"article:publisher\" content=\"https:\/\/www.facebook.com\/mink2020\/\" \/>\n<meta property=\"article:published_time\" content=\"2023-05-17T08:58:14+00:00\" \/>\n<meta property=\"article:modified_time\" content=\"2023-05-25T10:58:13+00:00\" \/>\n<meta property=\"og:image\" content=\"https:\/\/marathon-mink.com\/wp-content\/uploads\/2018\/09\/DSC_0038-scaled.jpg\" \/>\n\t<meta property=\"og:image:width\" content=\"2560\" \/>\n\t<meta property=\"og:image:height\" content=\"1702\" \/>\n\t<meta property=\"og:image:type\" content=\"image\/jpeg\" \/>\n<meta name=\"author\" content=\"MINK\" \/>\n<meta name=\"twitter:card\" content=\"summary_large_image\" \/>\n<meta name=\"twitter:label1\" content=\"Written by\" \/>\n\t<meta name=\"twitter:data1\" content=\"MINK\" \/>\n\t<meta name=\"twitter:label2\" content=\"Estimated reading time\" \/>\n\t<meta name=\"twitter:data2\" content=\"3 minutes\" \/>\n<script type=\"application\/ld+json\" class=\"yoast-schema-graph\">{\"@context\":\"https:\/\/schema.org\",\"@graph\":[{\"@type\":\"Article\",\"@id\":\"https:\/\/marathon-mink.com\/le-marathon-ndjamena-kousseri-signe-son-grand-retour\/#article\",\"isPartOf\":{\"@id\":\"https:\/\/marathon-mink.com\/le-marathon-ndjamena-kousseri-signe-son-grand-retour\/\"},\"author\":{\"name\":\"MINK\",\"@id\":\"https:\/\/marathon-mink.com\/#\/schema\/person\/1414ee4b5488ec7077c87a9b76abba73\"},\"headline\":\"LE MARATHON NDJAMENA-KOUSSERI SIGNE SON GRAND RETOUR\",\"datePublished\":\"2023-05-17T08:58:14+00:00\",\"dateModified\":\"2023-05-25T10:58:13+00:00\",\"mainEntityOfPage\":{\"@id\":\"https:\/\/marathon-mink.com\/le-marathon-ndjamena-kousseri-signe-son-grand-retour\/\"},\"wordCount\":538,\"publisher\":{\"@id\":\"https:\/\/marathon-mink.com\/#organization\"},\"articleSection\":[\"Actualites\"],\"inLanguage\":\"en-GB\"},{\"@type\":\"WebPage\",\"@id\":\"https:\/\/marathon-mink.com\/le-marathon-ndjamena-kousseri-signe-son-grand-retour\/\",\"url\":\"https:\/\/marathon-mink.com\/le-marathon-ndjamena-kousseri-signe-son-grand-retour\/\",\"name\":\"LE MARATHON NDJAMENA-KOUSSERI SIGNE SON GRAND RETOUR - MARATHON MINK\",\"isPartOf\":{\"@id\":\"https:\/\/marathon-mink.com\/#website\"},\"datePublished\":\"2023-05-17T08:58:14+00:00\",\"dateModified\":\"2023-05-25T10:58:13+00:00\",\"breadcrumb\":{\"@id\":\"https:\/\/marathon-mink.com\/le-marathon-ndjamena-kousseri-signe-son-grand-retour\/#breadcrumb\"},\"inLanguage\":\"en-GB\",\"potentialAction\":[{\"@type\":\"ReadAction\",\"target\":[\"https:\/\/marathon-mink.com\/le-marathon-ndjamena-kousseri-signe-son-grand-retour\/\"]}]},{\"@type\":\"BreadcrumbList\",\"@id\":\"https:\/\/marathon-mink.com\/le-marathon-ndjamena-kousseri-signe-son-grand-retour\/#breadcrumb\",\"itemListElement\":[{\"@type\":\"ListItem\",\"position\":1,\"name\":\"Home\",\"item\":\"https:\/\/marathon-mink.com\/\"},{\"@type\":\"ListItem\",\"position\":2,\"name\":\"LE MARATHON NDJAMENA-KOUSSERI SIGNE SON GRAND RETOUR\"}]},{\"@type\":\"WebSite\",\"@id\":\"https:\/\/marathon-mink.com\/#website\",\"url\":\"https:\/\/marathon-mink.com\/\",\"name\":\"MARATHON MINK\",\"description\":\"Marathon International N&#039;Djam\u00e9na - Kousseri\",\"publisher\":{\"@id\":\"https:\/\/marathon-mink.com\/#organization\"},\"potentialAction\":[{\"@type\":\"SearchAction\",\"target\":{\"@type\":\"EntryPoint\",\"urlTemplate\":\"https:\/\/marathon-mink.com\/?s={search_term_string}\"},\"query-input\":\"required name=search_term_string\"}],\"inLanguage\":\"en-GB\"},{\"@type\":\"Organization\",\"@id\":\"https:\/\/marathon-mink.com\/#organization\",\"name\":\"MARATHON MINK\",\"url\":\"https:\/\/marathon-mink.com\/\",\"logo\":{\"@type\":\"ImageObject\",\"inLanguage\":\"en-GB\",\"@id\":\"https:\/\/marathon-mink.com\/#\/schema\/logo\/image\/\",\"url\":\"https:\/\/marathon-mink.com\/wp-content\/uploads\/2025\/08\/ICON.png\",\"contentUrl\":\"https:\/\/marathon-mink.com\/wp-content\/uploads\/2025\/08\/ICON.png\",\"width\":200,\"height\":200,\"caption\":\"MARATHON MINK\"},\"image\":{\"@id\":\"https:\/\/marathon-mink.com\/#\/schema\/logo\/image\/\"},\"sameAs\":[\"https:\/\/www.facebook.com\/mink2020\/\"]},{\"@type\":\"Person\",\"@id\":\"https:\/\/marathon-mink.com\/#\/schema\/person\/1414ee4b5488ec7077c87a9b76abba73\",\"name\":\"MINK\",\"image\":{\"@type\":\"ImageObject\",\"inLanguage\":\"en-GB\",\"@id\":\"https:\/\/marathon-mink.com\/#\/schema\/person\/image\/\",\"url\":\"https:\/\/secure.gravatar.com\/avatar\/553b054362d83321ec2c71cac19a7539b146812c70d5cf53e8770f39cae922c2?s=96&d=mm&r=g\",\"contentUrl\":\"https:\/\/secure.gravatar.com\/avatar\/553b054362d83321ec2c71cac19a7539b146812c70d5cf53e8770f39cae922c2?s=96&d=mm&r=g\",\"caption\":\"MINK\"},\"sameAs\":[\"http:\/\/marathon-mink.com\/site2\"],\"url\":\"https:\/\/marathon-mink.com\/en\/author\/micfoegmail-com\/\"}]}<\/script>\n<!-- \/ Yoast SEO Premium plugin. -->","yoast_head_json":{"title":"LE MARATHON NDJAMENA-KOUSSERI SIGNE SON GRAND RETOUR - MARATHON MINK","robots":{"index":"index","follow":"follow","max-snippet":"max-snippet:-1","max-image-preview":"max-image-preview:large","max-video-preview":"max-video-preview:-1"},"canonical":"https:\/\/marathon-mink.com\/en\/le-marathon-ndjamena-kousseri-signe-son-grand-retour\/","og_locale":"en_GB","og_type":"article","og_title":"LE MARATHON NDJAMENA-KOUSSERI SIGNE SON GRAND RETOUR","og_description":"Apr\u00e8s deux ann\u00e9es de sus\u00adpension de la comp\u00e9tition, \u00e0 cause de la pand\u00e9mie de la Covid-19, les amoureux de l\u2019athl\u00e9tisme et surtout du Semi-Marathon Ndjamena-Kousseri vont enfiler leur tennis et leur jogging pour prendre part \u00e0 la 3e \u00e9dition du semi-marathon international Ndjamena-Kousseri (Mink) qui se tiendra, le 09 septembre 2023. En pr\u00e9\u00adlude \u00e0 ce [&hellip;]","og_url":"https:\/\/marathon-mink.com\/en\/le-marathon-ndjamena-kousseri-signe-son-grand-retour\/","og_site_name":"MARATHON MINK","article_publisher":"https:\/\/www.facebook.com\/mink2020\/","article_published_time":"2023-05-17T08:58:14+00:00","article_modified_time":"2023-05-25T10:58:13+00:00","og_image":[{"width":2560,"height":1702,"url":"https:\/\/marathon-mink.com\/wp-content\/uploads\/2018\/09\/DSC_0038-scaled.jpg","type":"image\/jpeg"}],"author":"MINK","twitter_card":"summary_large_image","twitter_misc":{"Written by":"MINK","Estimated reading time":"3 minutes"},"schema":{"@context":"https:\/\/schema.org","@graph":[{"@type":"Article","@id":"https:\/\/marathon-mink.com\/le-marathon-ndjamena-kousseri-signe-son-grand-retour\/#article","isPartOf":{"@id":"https:\/\/marathon-mink.com\/le-marathon-ndjamena-kousseri-signe-son-grand-retour\/"},"author":{"name":"MINK","@id":"https:\/\/marathon-mink.com\/#\/schema\/person\/1414ee4b5488ec7077c87a9b76abba73"},"headline":"LE MARATHON NDJAMENA-KOUSSERI SIGNE SON GRAND RETOUR","datePublished":"2023-05-17T08:58:14+00:00","dateModified":"2023-05-25T10:58:13+00:00","mainEntityOfPage":{"@id":"https:\/\/marathon-mink.com\/le-marathon-ndjamena-kousseri-signe-son-grand-retour\/"},"wordCount":538,"publisher":{"@id":"https:\/\/marathon-mink.com\/#organization"},"articleSection":["Actualites"],"inLanguage":"en-GB"},{"@type":"WebPage","@id":"https:\/\/marathon-mink.com\/le-marathon-ndjamena-kousseri-signe-son-grand-retour\/","url":"https:\/\/marathon-mink.com\/le-marathon-ndjamena-kousseri-signe-son-grand-retour\/","name":"LE MARATHON NDJAMENA-KOUSSERI SIGNE SON GRAND RETOUR - MARATHON MINK","isPartOf":{"@id":"https:\/\/marathon-mink.com\/#website"},"datePublished":"2023-05-17T08:58:14+00:00","dateModified":"2023-05-25T10:58:13+00:00","breadcrumb":{"@id":"https:\/\/marathon-mink.com\/le-marathon-ndjamena-kousseri-signe-son-grand-retour\/#breadcrumb"},"inLanguage":"en-GB","potentialAction":[{"@type":"ReadAction","target":["https:\/\/marathon-mink.com\/le-marathon-ndjamena-kousseri-signe-son-grand-retour\/"]}]},{"@type":"BreadcrumbList","@id":"https:\/\/marathon-mink.com\/le-marathon-ndjamena-kousseri-signe-son-grand-retour\/#breadcrumb","itemListElement":[{"@type":"ListItem","position":1,"name":"Home","item":"https:\/\/marathon-mink.com\/"},{"@type":"ListItem","position":2,"name":"LE MARATHON NDJAMENA-KOUSSERI SIGNE SON GRAND RETOUR"}]},{"@type":"WebSite","@id":"https:\/\/marathon-mink.com\/#website","url":"https:\/\/marathon-mink.com\/","name":"MARATHON MINK","description":"Marathon International N&#039;Djam\u00e9na - Kousseri","publisher":{"@id":"https:\/\/marathon-mink.com\/#organization"},"potentialAction":[{"@type":"SearchAction","target":{"@type":"EntryPoint","urlTemplate":"https:\/\/marathon-mink.com\/?s={search_term_string}"},"query-input":"required name=search_term_string"}],"inLanguage":"en-GB"},{"@type":"Organization","@id":"https:\/\/marathon-mink.com\/#organization","name":"MARATHON MINK","url":"https:\/\/marathon-mink.com\/","logo":{"@type":"ImageObject","inLanguage":"en-GB","@id":"https:\/\/marathon-mink.com\/#\/schema\/logo\/image\/","url":"https:\/\/marathon-mink.com\/wp-content\/uploads\/2025\/08\/ICON.png","contentUrl":"https:\/\/marathon-mink.com\/wp-content\/uploads\/2025\/08\/ICON.png","width":200,"height":200,"caption":"MARATHON MINK"},"image":{"@id":"https:\/\/marathon-mink.com\/#\/schema\/logo\/image\/"},"sameAs":["https:\/\/www.facebook.com\/mink2020\/"]},{"@type":"Person","@id":"https:\/\/marathon-mink.com\/#\/schema\/person\/1414ee4b5488ec7077c87a9b76abba73","name":"MINK","image":{"@type":"ImageObject","inLanguage":"en-GB","@id":"https:\/\/marathon-mink.com\/#\/schema\/person\/image\/","url":"https:\/\/secure.gravatar.com\/avatar\/553b054362d83321ec2c71cac19a7539b146812c70d5cf53e8770f39cae922c2?s=96&d=mm&r=g","contentUrl":"https:\/\/secure.gravatar.com\/avatar\/553b054362d83321ec2c71cac19a7539b146812c70d5cf53e8770f39cae922c2?s=96&d=mm&r=g","caption":"MINK"},"sameAs":["http:\/\/marathon-mink.com\/site2"],"url":"https:\/\/marathon-mink.com\/en\/author\/micfoegmail-com\/"}]}},"_links":{"self":[{"href":"https:\/\/marathon-mink.com\/en\/wp-json\/wp\/v2\/posts\/4211","targetHints":{"allow":["GET"]}}],"collection":[{"href":"https:\/\/marathon-mink.com\/en\/wp-json\/wp\/v2\/posts"}],"about":[{"href":"https:\/\/marathon-mink.com\/en\/wp-json\/wp\/v2\/types\/post"}],"author":[{"embeddable":true,"href":"https:\/\/marathon-mink.com\/en\/wp-json\/wp\/v2\/users\/1"}],"replies":[{"embeddable":true,"href":"https:\/\/marathon-mink.com\/en\/wp-json\/wp\/v2\/comments?post=4211"}],"version-history":[{"count":0,"href":"https:\/\/marathon-mink.com\/en\/wp-json\/wp\/v2\/posts\/4211\/revisions"}],"wp:featuredmedia":[{"embeddable":true,"href":"https:\/\/marathon-mink.com\/en\/wp-json\/wp\/v2\/media\/4204"}],"wp:attachment":[{"href":"https:\/\/marathon-mink.com\/en\/wp-json\/wp\/v2\/media?parent=4211"}],"wp:term":[{"taxonomy":"category","embeddable":true,"href":"https:\/\/marathon-mink.com\/en\/wp-json\/wp\/v2\/categories?post=4211"},{"taxonomy":"post_tag","embeddable":true,"href":"https:\/\/marathon-mink.com\/en\/wp-json\/wp\/v2\/tags?post=4211"}],"curies":[{"name":"wp","href":"https:\/\/api.w.org\/{rel}","templated":true}]}}